{"id":779,"date":"2026-08-18T20:03:46","date_gmt":"2026-08-18T18:03:46","guid":{"rendered":"https:\/\/www.zasp.pl\/torun\/?p=779"},"modified":"2026-08-18T20:03:46","modified_gmt":"2026-08-18T18:03:46","slug":"%f0%9f%8e%ad-spotkanie-ktore-zostanie-z-nami-na-dlugo-%e2%9d%a4%ef%b8%8f","status":"publish","type":"post","link":"https:\/\/www.zasp.pl\/torun\/2026\/08\/18\/%f0%9f%8e%ad-spotkanie-ktore-zostanie-z-nami-na-dlugo-%e2%9d%a4%ef%b8%8f\/","title":{"rendered":"\ud83c\udfad Spotkanie, kt\u00f3re zostanie z nami na d\u0142ugo \u2764\ufe0f"},"content":{"rendered":"<p class=\"isSelectedEnd\">17 sierpnia 2026 r. mieli\u015bmy wyj\u0105tkow\u0105 przyjemno\u015b\u0107 spotka\u0107 si\u0119 z <strong>Pani\u0105 Joann\u0105 \u015aliwi\u0144sk\u0105<\/strong>, aktork\u0105 zwi\u0105zan\u0105 z Teatrem Baj Pomorski w Toruniu.<\/p>\n<p class=\"isSelectedEnd\">W spotkaniu uczestniczyli <strong>cz\u0142onkowie ZASP Oddzia\u0142u Bydgosko-Toru\u0144skiego<\/strong>, dla kt\u00f3rych by\u0142a to wyj\u0105tkowa okazja do rozmowy, wspomnie\u0144 i wsp\u00f3lnego sp\u0119dzenia czasu w teatralnej atmosferze.<\/p>\n<p class=\"isSelectedEnd\">Pani Joanna, <strong>maj\u0105ca 88 lat<\/strong>, z ogromn\u0105 serdeczno\u015bci\u0105 podzieli\u0142a si\u0119 z nami swoimi wspomnieniami, do\u015bwiadczeniami i opowie\u015bciami zwi\u0105zanymi z teatrem. \u2764\ufe0f<\/p>\n<p class=\"isSelectedEnd\">Spotkanie na terenie teatru by\u0142o czym\u015b wi\u0119cej ni\u017c tylko rozmow\u0105 o aktorstwie. By\u0142a to pi\u0119kna okazja, aby zajrze\u0107 za kulisy teatralnego \u015bwiata, pos\u0142ucha\u0107 o pasji, emocjach i pracy na scenie, a przede wszystkim pozna\u0107 histori\u0119 wyj\u0105tkowej osoby zwi\u0105zanej z Bajem Pomorskim. \u2728<\/p>\n<p class=\"isSelectedEnd\">Wspomnienia Pani Joanny, jej opowie\u015bci oraz niezwyk\u0142a serdeczno\u015b\u0107 sprawi\u0142y, \u017ce by\u0142o to spotkanie pe\u0142ne <strong>ciep\u0142a, u\u015bmiechu, wzrusze\u0144 i wspomnie\u0144<\/strong>. Takie chwile przypominaj\u0105 nam, \u017ce teatr to nie tylko scena, \u015bwiat\u0142a i spektakle, ale przede wszystkim <strong>ludzie, ich historie, pasja i emocje<\/strong>. \ud83c\udfad<\/p>\n<p class=\"isSelectedEnd\">Pani Joanno, dzi\u0119kujemy za <strong>czas, otwarto\u015b\u0107, pi\u0119kne wspomnienia i inspiruj\u0105c\u0105 rozmow\u0119<\/strong>. To dla nas ogromna rado\u015b\u0107 m\u00f3c spotka\u0107 osoby, kt\u00f3re maj\u0105 tak wiele do opowiedzenia o \u015bwiecie teatru. \u2764\ufe0f<\/p>\n<p class=\"isSelectedEnd\">Dzi\u0119kujemy wszystkim cz\u0142onkom ZASP za obecno\u015b\u0107 i stworzenie wyj\u0105tkowej, serdecznej atmosfery tego spotkania.<\/p>\n<p><strong>Do zobaczenia na kolejnych spotkaniach!<\/strong> \ud83c\udfad\u2764\ufe0f<\/p>\n","protected":false},"excerpt":{"rendered":"<p>17 sierpnia 2026 r. mieli\u015bmy wyj\u0105tkow\u0105 przyjemno\u015b\u0107 spotka\u0107 si\u0119 z Pani\u0105 Joann\u0105 \u015aliwi\u0144sk\u0105, aktork\u0105 zwi\u0105zan\u0105 z Teatrem Baj Pomorski w Toruniu. W spotkaniu uczestniczyli cz\u0142onkowie ZASP Oddzia\u0142u Bydgosko-Toru\u0144skiego, dla kt\u00f3rych by\u0142a to wyj\u0105tkowa okazja do rozmowy, wspomnie\u0144 i wsp\u00f3lnego sp\u0119dzenia czasu w teatralnej atmosferze. Pani Joanna, maj\u0105ca 88 lat, z ogromn\u0105 serdeczno\u015bci\u0105 podzieli\u0142a si\u0119 z [&hellip;]<\/p>\n","protected":false},"author":3,"featured_media":780,"comment_status":"open","ping_status":"closed","sticky":false,"template":"","format":"standard","meta":{"_acf_changed":false,"_exactmetrics_skip_tracking":false,"footnotes":""},"categories":[1],"tags":[],"class_list":["post-779","post","type-post","status-publish","format-standard","has-post-thumbnail","hentry","category-bez-kategorii"],"acf":[],"_links":{"self":[{"href":"https:\/\/www.zasp.pl\/torun\/wp-json\/wp\/v2\/posts\/779","targetHints":{"allow":["GET"]}}],"collection":[{"href":"https:\/\/www.zasp.pl\/torun\/wp-json\/wp\/v2\/posts"}],"about":[{"href":"https:\/\/www.zasp.pl\/torun\/wp-json\/wp\/v2\/types\/post"}],"author":[{"embeddable":true,"href":"https:\/\/www.zasp.pl\/torun\/wp-json\/wp\/v2\/users\/3"}],"replies":[{"embeddable":true,"href":"https:\/\/www.zasp.pl\/torun\/wp-json\/wp\/v2\/comments?post=779"}],"version-history":[{"count":3,"href":"https:\/\/www.zasp.pl\/torun\/wp-json\/wp\/v2\/posts\/779\/revisions"}],"predecessor-version":[{"id":793,"href":"https:\/\/www.zasp.pl\/torun\/wp-json\/wp\/v2\/posts\/779\/revisions\/793"}],"wp:featuredmedia":[{"embeddable":true,"href":"https:\/\/www.zasp.pl\/torun\/wp-json\/wp\/v2\/media\/780"}],"wp:attachment":[{"href":"https:\/\/www.zasp.pl\/torun\/wp-json\/wp\/v2\/media?parent=779"}],"wp:term":[{"taxonomy":"category","embeddable":true,"href":"https:\/\/www.zasp.pl\/torun\/wp-json\/wp\/v2\/categories?post=779"},{"taxonomy":"post_tag","embeddable":true,"href":"https:\/\/www.zasp.pl\/torun\/wp-json\/wp\/v2\/tags?post=779"}],"curies":[{"name":"wp","href":"https:\/\/api.w.org\/{rel}","templated":true}]}}